{"id":144,"date":"2013-04-14T09:26:52","date_gmt":"2013-04-14T09:26:52","guid":{"rendered":"http:\/\/musilda.cz\/?p=144"},"modified":"2013-04-14T09:26:52","modified_gmt":"2013-04-14T09:26:52","slug":"zobrazeni-oblaku-stitku-v-sablone","status":"publish","type":"post","link":"https:\/\/affinite.io\/cs\/zobrazeni-oblaku-stitku-v-sablone\/","title":{"rendered":"Zobrazen\u00ed oblaku \u0161t\u00edtk\u016f v \u0161ablon\u011b"},"content":{"rendered":"<p>&nbsp;<\/p>\n<p>Pro zobrazen\u00ed mraku\/oblaku \u0161t\u00edtk\u016f v je mo\u017en\u00e9 pou\u017e\u00edt widget, ale pokud chceme zobrazit \u0161t\u00edtky v pati\u010dce bez pou\u017eit\u00ed widgetu, nebo na sitemap str\u00e1nce, vyu\u017eijeme funkci wp_tag_cloud(), kter\u00e1 zobraz\u00ed v\u00fdpis v\u0161ech \u0161t\u00edtk\u016f dle parametr\u016f. V \u0161ablon\u011b pak vlo\u017e\u00edme na \u0159\u00e1dek, kde chceme zobrazit \u0161t\u00edtky n\u00e1sleduj\u00edc\u00ed k\u00f3d:<\/p>\n<pre lang=\"php\"> wp_tag_cloud();<\/pre>\n<p>T\u00edm se n\u00e1m vyp\u00ed\u0161e mrak \u0161t\u00edtk\u016f s defaultn\u00edmi hodnotami, my si v\u0161ak budeme ur\u010dit\u011b cht\u00edt v\u00fdpis upravit, aby n\u00e1m to do \u0161ablony pasovalo. K tomuto \u00fa\u010delu slou\u017e\u00ed n\u00e1sleduj\u00edc\u00ed parametry:<\/p>\n<ul>\n<li>smallest &#8211; velikost nejmen\u0161\u00edho zobrazen\u00e9ho tagu, defaultn\u00ed je 8<\/li>\n<li>largest &#8211; velikost nejv\u011bt\u0161\u00edho zobrazen\u00e9ho tagu, defaultn\u00ed je 22<\/li>\n<li>unit &#8211; jednotky, ur\u010duj\u00edc\u00ed velikost zobrazen\u00ed smallest a largest, defaultn\u00ed je pt, pou\u017e\u00edt m\u016f\u017eete %, em, px, pt<\/li>\n<li>number &#8211; po\u010det zobrazovan\u00fdch tag\u016f, defaultn\u00ed je 45, pro zobrazen\u00ed v\u0161ech 0<\/li>\n<li>format &#8211; form\u00e1t v jak\u00e9m budou tagy zobrazeny, pou\u017e\u00edt m\u016f\u017eete flat, list, array, defaultn\u011b je array<\/li>\n<li>separator &#8211; znak pro odd\u011blen\u00ed tag\u016f v \u0159etezci (souvis\u00ed s number =&gt; flat), defaultn\u011b \\n<\/li>\n<li>orderby &#8211; \u0159azen\u00ed podle n\u00e1zvu (name), nebo po\u010dtu (count), defaultn\u011b name<\/li>\n<li>order &#8211; se\u0159azen\u00ed tag\u016f, sestupn\u011b (DESC), vzestupn\u011b (ASC), n\u00e1hodn\u011b (RAND), defaultn\u011b je ASC<\/li>\n<li>exclude &#8211; vylou\u010d\u00ed tagy ze seznamu podle vlo\u017een\u00e9ho ID, defaultn\u00ed none<\/li>\n<li>include &#8211; p\u0159id\u00e1 do seznamu tagy dle ID, defaultn\u00ed none<\/li>\n<li>topic_count_text_callback &#8211; tato funkce m\u00e1 vr\u00e1tit po\u010det p\u0159\u00edsp\u011bvk\u016f, kter\u00e9 obsahuj\u00ed tag a vr\u00e1tit text pro tooltip odkazu, defaultn\u00ed default_topic_count_text<\/li>\n<li>link &#8211; nastav\u00ed tagu odkaz k editaci, hodnoty edit, view, defaultn\u00ed &#8211; view<\/li>\n<li>taxonomy\u00a0\u00a0&#8211; umo\u017e\u0148uje nastavit ke kter\u00e9 taxonomy se vztahuj\u00ed \u0161t\u00edtky, hodnoty &#8211; post_tag, category, link_category a jak\u00e1koliv registrovan\u00e1 taxonomy, defaultn\u011b je post_tag<\/li>\n<li>echo &#8211; ur\u010d\u00ed, zda se maj\u00ed \u0161t\u00edtky vypsal, nebo vr\u00e1tit jako hodnota, vypsat &#8211; 1, vr\u00e1tit hodnotu &#8211; 0, defaultn\u011b je 0<\/li>\n<\/ul>\n<p>Jak je vid\u011bt, funkce m\u00e1 pom\u011brn\u011b dost parametr\u016f, kter\u00e9 n\u00e1m umo\u017en\u00ed zobrazit p\u0159esn\u011b takov\u00fd shluk \u0161t\u00edtku, jak\u00fd pot\u0159ebujeme. V \u0161ablon\u011b pak jednodu\u0161e vyp\u00ed\u0161eme \u0161t\u00edtky:<\/p>\n<p>wp_tag_cloud(array(<br \/>\n  &#8218;smallest&#8216; =&gt; 10,<br \/>\n  &#8218;largest&#8216; =&gt; 18,<br \/>\n  &#8218;unit&#8216; =&gt; &#8218;px&#8216;,<br \/>\n  &#8218;orderby&#8216; =&gt; &#8218;name&#8216;,<br \/>\n  &#8218;order&#8216; =&gt; &#8218;ASC&#8216;<br \/>\n));<\/p>\n","protected":false},"excerpt":{"rendered":"<p>&nbsp; Pro zobrazen\u00ed mraku\/oblaku \u0161t\u00edtk\u016f v je mo\u017en\u00e9 pou\u017e\u00edt widget, ale pokud chceme zobrazit \u0161t\u00edtky v pati\u010dce bez pou\u017eit\u00ed widgetu, nebo na sitemap str\u00e1nce, vyu\u017eijeme funkci wp_tag_cloud(), kter\u00e1 zobraz\u00ed v\u00fdpis v\u0161ech \u0161t\u00edtk\u016f dle parametr\u016f. V \u0161ablon\u011b pak vlo\u017e\u00edme na \u0159\u00e1dek, kde chceme zobrazit \u0161t\u00edtky n\u00e1sleduj\u00edc\u00ed k\u00f3d: wp_tag_cloud(); T\u00edm se n\u00e1m vyp\u00ed\u0161e mrak \u0161t\u00edtk\u016f s defaultn\u00edmi<\/p>\n","protected":false},"author":1,"featured_media":8624,"comment_status":"open","ping_status":"open","sticky":false,"template":"","format":"standard","meta":{"_acf_changed":false,"_uag_custom_page_level_css":"","footnotes":""},"categories":[12,19],"tags":[243,366,548],"class_list":["post-144","post","type-post","status-publish","format-standard","has-post-thumbnail","hentry","category-navody","category-snippety","tag-mrak-stitku-wordpress","tag-stitky","tag-wp_tag_cloud"],"acf":[],"uagb_featured_image_src":{"full":["https:\/\/affinite.io\/cs\/wp-content\/uploads\/sites\/2\/2013\/07\/wordpress-tutorial-musilda.png",1200,800,false],"thumbnail":["https:\/\/affinite.io\/cs\/wp-content\/uploads\/sites\/2\/2013\/07\/wordpress-tutorial-musilda-150x150.png",150,150,true],"medium":["https:\/\/affinite.io\/cs\/wp-content\/uploads\/sites\/2\/2013\/07\/wordpress-tutorial-musilda-300x200.png",300,200,true],"medium_large":["https:\/\/affinite.io\/cs\/wp-content\/uploads\/sites\/2\/2013\/07\/wordpress-tutorial-musilda-768x512.png",640,427,true],"large":["https:\/\/affinite.io\/cs\/wp-content\/uploads\/sites\/2\/2013\/07\/wordpress-tutorial-musilda-1024x683.png",640,427,true],"1536x1536":["https:\/\/affinite.io\/cs\/wp-content\/uploads\/sites\/2\/2013\/07\/wordpress-tutorial-musilda.png",1200,800,false],"2048x2048":["https:\/\/affinite.io\/cs\/wp-content\/uploads\/sites\/2\/2013\/07\/wordpress-tutorial-musilda.png",1200,800,false],"archive-list":["https:\/\/affinite.io\/cs\/wp-content\/uploads\/sites\/2\/2013\/07\/wordpress-tutorial-musilda-400x265.png",400,265,true]},"uagb_author_info":{"display_name":"Affinite","author_link":"https:\/\/affinite.io\/cs\/author\/affinite\/"},"uagb_comment_info":1,"uagb_excerpt":"&nbsp; Pro zobrazen\u00ed mraku\/oblaku \u0161t\u00edtk\u016f v je mo\u017en\u00e9 pou\u017e\u00edt widget, ale pokud chceme zobrazit \u0161t\u00edtky v pati\u010dce bez pou\u017eit\u00ed widgetu, nebo na sitemap str\u00e1nce, vyu\u017eijeme funkci wp_tag_cloud(), kter\u00e1 zobraz\u00ed v\u00fdpis v\u0161ech \u0161t\u00edtk\u016f dle parametr\u016f. V \u0161ablon\u011b pak vlo\u017e\u00edme na \u0159\u00e1dek, kde chceme zobrazit \u0161t\u00edtky n\u00e1sleduj\u00edc\u00ed k\u00f3d: wp_tag_cloud(); T\u00edm se n\u00e1m vyp\u00ed\u0161e mrak \u0161t\u00edtk\u016f s defaultn\u00edmi","_links":{"self":[{"href":"https:\/\/affinite.io\/cs\/wp-json\/wp\/v2\/posts\/144","targetHints":{"allow":["GET"]}}],"collection":[{"href":"https:\/\/affinite.io\/cs\/wp-json\/wp\/v2\/posts"}],"about":[{"href":"https:\/\/affinite.io\/cs\/wp-json\/wp\/v2\/types\/post"}],"author":[{"embeddable":true,"href":"https:\/\/affinite.io\/cs\/wp-json\/wp\/v2\/users\/1"}],"replies":[{"embeddable":true,"href":"https:\/\/affinite.io\/cs\/wp-json\/wp\/v2\/comments?post=144"}],"version-history":[{"count":0,"href":"https:\/\/affinite.io\/cs\/wp-json\/wp\/v2\/posts\/144\/revisions"}],"wp:featuredmedia":[{"embeddable":true,"href":"https:\/\/affinite.io\/cs\/wp-json\/wp\/v2\/media\/8624"}],"wp:attachment":[{"href":"https:\/\/affinite.io\/cs\/wp-json\/wp\/v2\/media?parent=144"}],"wp:term":[{"taxonomy":"category","embeddable":true,"href":"https:\/\/affinite.io\/cs\/wp-json\/wp\/v2\/categories?post=144"},{"taxonomy":"post_tag","embeddable":true,"href":"https:\/\/affinite.io\/cs\/wp-json\/wp\/v2\/tags?post=144"}],"curies":[{"name":"wp","href":"https:\/\/api.w.org\/{rel}","templated":true}]}}