{"id":2407,"date":"2015-05-14T07:36:46","date_gmt":"2015-05-14T07:36:46","guid":{"rendered":"http:\/\/musilda.cz\/?p=2407"},"modified":"2015-05-14T07:36:46","modified_gmt":"2015-05-14T07:36:46","slug":"wordpress-sablony-na-wordpress-konferenci-pro-zacatecniky","status":"publish","type":"post","link":"https:\/\/affinite.io\/cs\/wordpress-sablony-na-wordpress-konferenci-pro-zacatecniky\/","title":{"rendered":"WordPress \u0161ablony na WordPress konferenci pro za\u010d\u00e1te\u010dn\u00edky"},"content":{"rendered":"<p>Ekosyst\u00e9m WordPressu se d\u00e1 rozd\u011blit na t\u0159i \u010d\u00e1sti &#8211; j\u00e1dro WordPressu, pluginy a \u0161ablony. A proto\u017ee spr\u00e1vn\u00e1 \u0161ablona d\u011bl\u00e1 web, budu na konferenci mluvit pr\u00e1v\u011b o \u0161ablon\u00e1ch.<\/p>\n<p>Konference se bude konat 13.6. 2015 v HUBu Praha a bude ji\u017e p\u00e1t\u00e1 v po\u0159ad\u00ed (WordCampy se nepo\u010d\u00edtaj\u00ed).<\/p>\n<p>Prim\u00e1rn\u011b bude konference zam\u011b\u0159en\u00e1 na u\u017eivatele, tedy na v\u0161echny, kte\u0159\u00ed nemaj\u00ed tendenci se hrabat v k\u00f3du.<\/p>\n<p>Budu mluvit p\u0159edev\u0161\u00edm o:<\/p>\n<ul>\n<li>jak\u00fd je rozd\u00edl mezi \u0161ablonou a pluginem<\/li>\n<li>kde hledat vhodn\u00e9 \u0161ablony<\/li>\n<li>podle \u010deho vyb\u00edrat a na co si d\u00e1t pozor<\/li>\n<li>aktualizace \u0161ablon a child themes<\/li>\n<li>co v\u017edy vy\u017eadovat po tom, kdo v\u00e1m bude web spravovat<\/li>\n<li>pr\u00e1ce se \u0161ablonou na webu<\/li>\n<\/ul>\n<p>Nebudu v\u00e1s nudit slo\u017eit\u00fdm vysv\u011btlov\u00e1n\u00edm, sp\u00ed\u0161e se zam\u011b\u0159\u00edm na to, co by jste m\u011bli v\u011bd\u011bt, ne\u017e si za\u010dnete \u0161ablonu vyb\u00edrat, nebo ne\u017e n\u011bkomu zad\u00e1te jej\u00ed \u00fapravu.<\/p>\n<p>Program konference najdete na webu <a href=\"http:\/\/naswp.cz\/wordpress-konference-pro-zacatecniky\/\" target=\"_blank\" rel=\"noopener\">NasWP.cz<\/a>, kde se budete moci i zaregistrovat.<\/p>\n","protected":false},"excerpt":{"rendered":"<p>Ekosyst\u00e9m WordPressu se d\u00e1 rozd\u011blit na t\u0159i \u010d\u00e1sti &#8211; j\u00e1dro WordPressu, pluginy a \u0161ablony. A proto\u017ee spr\u00e1vn\u00e1 \u0161ablona d\u011bl\u00e1 web, budu na konferenci mluvit pr\u00e1v\u011b o \u0161ablon\u00e1ch. Konference se bude konat 13.6. 2015 v HUBu Praha a bude ji\u017e p\u00e1t\u00e1 v po\u0159ad\u00ed (WordCampy se nepo\u010d\u00edtaj\u00ed). Prim\u00e1rn\u011b bude konference zam\u011b\u0159en\u00e1 na u\u017eivatele, tedy na v\u0161echny, kte\u0159\u00ed<\/p>\n","protected":false},"author":1,"featured_media":2409,"comment_status":"open","ping_status":"open","sticky":false,"template":"","format":"standard","meta":{"_acf_changed":false,"_uag_custom_page_level_css":"","footnotes":""},"categories":[30],"tags":[],"class_list":["post-2407","post","type-post","status-publish","format-standard","has-post-thumbnail","hentry","category-wordpress"],"acf":[],"uagb_featured_image_src":{"full":["https:\/\/affinite.io\/cs\/wp-content\/uploads\/sites\/2\/2015\/05\/musilek.jpg",280,279,false],"thumbnail":["https:\/\/affinite.io\/cs\/wp-content\/uploads\/sites\/2\/2015\/05\/musilek-150x150.jpg",150,150,true],"medium":["https:\/\/affinite.io\/cs\/wp-content\/uploads\/sites\/2\/2015\/05\/musilek.jpg",280,279,false],"medium_large":["https:\/\/affinite.io\/cs\/wp-content\/uploads\/sites\/2\/2015\/05\/musilek.jpg",280,279,false],"large":["https:\/\/affinite.io\/cs\/wp-content\/uploads\/sites\/2\/2015\/05\/musilek.jpg",280,279,false],"1536x1536":["https:\/\/affinite.io\/cs\/wp-content\/uploads\/sites\/2\/2015\/05\/musilek.jpg",280,279,false],"2048x2048":["https:\/\/affinite.io\/cs\/wp-content\/uploads\/sites\/2\/2015\/05\/musilek.jpg",280,279,false],"archive-list":["https:\/\/affinite.io\/cs\/wp-content\/uploads\/sites\/2\/2015\/05\/musilek-280x265.jpg",280,265,true]},"uagb_author_info":{"display_name":"Affinite","author_link":"https:\/\/affinite.io\/cs\/author\/affinite\/"},"uagb_comment_info":1,"uagb_excerpt":"Ekosyst\u00e9m WordPressu se d\u00e1 rozd\u011blit na t\u0159i \u010d\u00e1sti &#8211; j\u00e1dro WordPressu, pluginy a \u0161ablony. A proto\u017ee spr\u00e1vn\u00e1 \u0161ablona d\u011bl\u00e1 web, budu na konferenci mluvit pr\u00e1v\u011b o \u0161ablon\u00e1ch. Konference se bude konat 13.6. 2015 v HUBu Praha a bude ji\u017e p\u00e1t\u00e1 v po\u0159ad\u00ed (WordCampy se nepo\u010d\u00edtaj\u00ed). Prim\u00e1rn\u011b bude konference zam\u011b\u0159en\u00e1 na u\u017eivatele, tedy na v\u0161echny, kte\u0159\u00ed","_links":{"self":[{"href":"https:\/\/affinite.io\/cs\/wp-json\/wp\/v2\/posts\/2407","targetHints":{"allow":["GET"]}}],"collection":[{"href":"https:\/\/affinite.io\/cs\/wp-json\/wp\/v2\/posts"}],"about":[{"href":"https:\/\/affinite.io\/cs\/wp-json\/wp\/v2\/types\/post"}],"author":[{"embeddable":true,"href":"https:\/\/affinite.io\/cs\/wp-json\/wp\/v2\/users\/1"}],"replies":[{"embeddable":true,"href":"https:\/\/affinite.io\/cs\/wp-json\/wp\/v2\/comments?post=2407"}],"version-history":[{"count":0,"href":"https:\/\/affinite.io\/cs\/wp-json\/wp\/v2\/posts\/2407\/revisions"}],"wp:featuredmedia":[{"embeddable":true,"href":"https:\/\/affinite.io\/cs\/wp-json\/wp\/v2\/media\/2409"}],"wp:attachment":[{"href":"https:\/\/affinite.io\/cs\/wp-json\/wp\/v2\/media?parent=2407"}],"wp:term":[{"taxonomy":"category","embeddable":true,"href":"https:\/\/affinite.io\/cs\/wp-json\/wp\/v2\/categories?post=2407"},{"taxonomy":"post_tag","embeddable":true,"href":"https:\/\/affinite.io\/cs\/wp-json\/wp\/v2\/tags?post=2407"}],"curies":[{"name":"wp","href":"https:\/\/api.w.org\/{rel}","templated":true}]}}