{"id":9793,"date":"2013-04-03T04:34:56","date_gmt":"2013-04-03T04:34:56","guid":{"rendered":"http:\/\/musilda.cz\/?p=18"},"modified":"2025-10-27T19:56:45","modified_gmt":"2025-10-27T19:56:45","slug":"flatten-magazine-responsive-premium-sablona","status":"publish","type":"post","link":"https:\/\/affinite.io\/cs\/flatten-magazine-responsive-premium-sablona\/","title":{"rendered":"Flatten Magazine &#8211; responsive premium \u0161ablona"},"content":{"rendered":"<p>Flatten Magaz\u00edne je premium \u0161ablona pro magaz\u00edny, pulikovan\u00e1 1.3.2013 na Themeforrest a vytvo\u0159en\u00e1 studiem Wale Design. \u0160ablona je pln\u011b responsivn\u00ed a je postaven\u00e1 na 1200px gridu. Cena \u0161ablony pro jedno pou\u017eit\u00ed je 45 dolar\u016f. <a href=\"http:\/\/waledesign.com\/themes\/flatten\/\" target=\"_blank\" rel=\"noopener\">Demo \u0161ablony<\/a><\/p>\n<p>Specifika \u0161ablony:<\/p>\n<ul>\n<li>Pln\u011b responsivn\u00ed layout.<\/li>\n<li>Speci\u00e1ln\u00ed administrativn\u00ed panel \u0161ablony, zalo\u017een\u00fd na Ajaxu<\/li>\n<li>V\u00edce ne\u017e 120 speci\u00e1ln\u00edch shortcod\u016f<\/li>\n<li>Gener\u00e1tor shortc\u00f3d\u016f<\/li>\n<li>WordPress Custom Post Types<\/li>\n<li>Neomezen\u011b barevn\u00fdch variant a font\u016f<\/li>\n<li>Gener\u00e1tor kontaktn\u00edho formul\u00e1\u0159e<\/li>\n<li>8 speci\u00e1ln\u00edch Widget\u016f<\/li>\n<li>Vkl\u00e1d\u00e1n\u00ed vide\u00ed z Youtube nebo Vimeo<\/li>\n<li>Flexibiln\u00ed Slider<\/li>\n<li>P\u0159ipraven\u00e1 na p\u0159eklad<\/li>\n<li>Drobe\u010dkov\u00e1 navigace<\/li>\n<li>WordPress Menus a\u017e do p\u00e1t\u00e9 \u00farovn\u011b<\/li>\n<li>Informace o autorovi<\/li>\n<li>\u0160ablony str\u00e1nek<\/li>\n<li>Speci\u00e1ln\u00ed str\u00e1nky<\/li>\n<\/ul>\n","protected":false},"excerpt":{"rendered":"<p>Flatten Magaz\u00edne je premium \u0161ablona pro magaz\u00edny, pulikovan\u00e1 1.3.2013 na Themeforrest a vytvo\u0159en\u00e1 studiem Wale Design. \u0160ablona je pln\u011b responsivn\u00ed a je postaven\u00e1 na 1200px gridu. Cena \u0161ablony pro jedno pou\u017eit\u00ed je 45 dolar\u016f. Demo \u0161ablony Specifika \u0161ablony: Pln\u011b responsivn\u00ed layout. Speci\u00e1ln\u00ed administrativn\u00ed panel \u0161ablony, zalo\u017een\u00fd na Ajaxu V\u00edce ne\u017e 120 speci\u00e1ln\u00edch shortcod\u016f Gener\u00e1tor shortc\u00f3d\u016f<\/p>\n","protected":false},"author":1,"featured_media":363,"comment_status":"open","ping_status":"open","sticky":false,"template":"","format":"standard","meta":{"_acf_changed":false,"_uag_custom_page_level_css":"","footnotes":""},"categories":[32],"tags":[230,304,321,511],"class_list":["post-9793","post","type-post","status-publish","format-standard","has-post-thumbnail","hentry","category-wordpress-sablony","tag-magazin","tag-premium-sablony","tag-responsive","tag-wordpress-sablony-2"],"acf":[],"uagb_featured_image_src":{"full":["https:\/\/affinite.io\/cs\/wp-content\/uploads\/sites\/2\/2013\/04\/image_1.__large_preview.jpg",590,300,false],"thumbnail":["https:\/\/affinite.io\/cs\/wp-content\/uploads\/sites\/2\/2013\/04\/image_1.__large_preview-150x150.jpg",150,150,true],"medium":["https:\/\/affinite.io\/cs\/wp-content\/uploads\/sites\/2\/2013\/04\/image_1.__large_preview-300x153.jpg",300,153,true],"medium_large":["https:\/\/affinite.io\/cs\/wp-content\/uploads\/sites\/2\/2013\/04\/image_1.__large_preview.jpg",590,300,false],"large":["https:\/\/affinite.io\/cs\/wp-content\/uploads\/sites\/2\/2013\/04\/image_1.__large_preview.jpg",590,300,false],"1536x1536":["https:\/\/affinite.io\/cs\/wp-content\/uploads\/sites\/2\/2013\/04\/image_1.__large_preview.jpg",590,300,false],"2048x2048":["https:\/\/affinite.io\/cs\/wp-content\/uploads\/sites\/2\/2013\/04\/image_1.__large_preview.jpg",590,300,false],"archive-list":["https:\/\/affinite.io\/cs\/wp-content\/uploads\/sites\/2\/2013\/04\/image_1.__large_preview-400x265.jpg",400,265,true]},"uagb_author_info":{"display_name":"Affinite","author_link":"https:\/\/affinite.io\/cs\/author\/affinite\/"},"uagb_comment_info":0,"uagb_excerpt":"Flatten Magaz\u00edne je premium \u0161ablona pro magaz\u00edny, pulikovan\u00e1 1.3.2013 na Themeforrest a vytvo\u0159en\u00e1 studiem Wale Design. \u0160ablona je pln\u011b responsivn\u00ed a je postaven\u00e1 na 1200px gridu. Cena \u0161ablony pro jedno pou\u017eit\u00ed je 45 dolar\u016f. Demo \u0161ablony Specifika \u0161ablony: Pln\u011b responsivn\u00ed layout. Speci\u00e1ln\u00ed administrativn\u00ed panel \u0161ablony, zalo\u017een\u00fd na Ajaxu V\u00edce ne\u017e 120 speci\u00e1ln\u00edch shortcod\u016f Gener\u00e1tor shortc\u00f3d\u016f","_links":{"self":[{"href":"https:\/\/affinite.io\/cs\/wp-json\/wp\/v2\/posts\/9793","targetHints":{"allow":["GET"]}}],"collection":[{"href":"https:\/\/affinite.io\/cs\/wp-json\/wp\/v2\/posts"}],"about":[{"href":"https:\/\/affinite.io\/cs\/wp-json\/wp\/v2\/types\/post"}],"author":[{"embeddable":true,"href":"https:\/\/affinite.io\/cs\/wp-json\/wp\/v2\/users\/1"}],"replies":[{"embeddable":true,"href":"https:\/\/affinite.io\/cs\/wp-json\/wp\/v2\/comments?post=9793"}],"version-history":[{"count":1,"href":"https:\/\/affinite.io\/cs\/wp-json\/wp\/v2\/posts\/9793\/revisions"}],"predecessor-version":[{"id":10674,"href":"https:\/\/affinite.io\/cs\/wp-json\/wp\/v2\/posts\/9793\/revisions\/10674"}],"wp:featuredmedia":[{"embeddable":true,"href":"https:\/\/affinite.io\/cs\/wp-json\/wp\/v2\/media\/363"}],"wp:attachment":[{"href":"https:\/\/affinite.io\/cs\/wp-json\/wp\/v2\/media?parent=9793"}],"wp:term":[{"taxonomy":"category","embeddable":true,"href":"https:\/\/affinite.io\/cs\/wp-json\/wp\/v2\/categories?post=9793"},{"taxonomy":"post_tag","embeddable":true,"href":"https:\/\/affinite.io\/cs\/wp-json\/wp\/v2\/tags?post=9793"}],"curies":[{"name":"wp","href":"https:\/\/api.w.org\/{rel}","templated":true}]}}